{"id":107,"date":"2010-09-22T19:54:20","date_gmt":"2010-09-22T17:54:20","guid":{"rendered":"http:\/\/www.gendalus.de\/?p=107"},"modified":"2010-09-22T19:54:25","modified_gmt":"2010-09-22T17:54:25","slug":"neues-vom-antifeministentreffen","status":"publish","type":"post","link":"https:\/\/www.gendalus.de\/?p=107","title":{"rendered":"Neues vom Antifeministentreffen"},"content":{"rendered":"<p><span style=\"font-family: Helvetica;\">Ich sa\u00df gestern im Apple Store, wartete auf meinen Genius-Bar Termin und hatte Zeit zum Surfen und schaute mal, was es neues zum Kongress der AntifeministInnEn gibt. Und siehe da es hat sich einiges getan, denn zum Einen sind die Referenten bekannt gegeben worden, zum andren regt sich in der Schweiz die \u00d6ffentlichkeit, sp\u00e4testens nachdem der Wirt des gew\u00fcnschten Tagungsortes die Reservierung storniert hat. Gerade der letzte Punkt lie\u00df mich doch arg schmunzeln, Schadenfreude pur.<\/span><\/p>\n<p><span style=\"font-family: Helvetica;\">Durch die Bekanntgabe der Referenten best\u00e4tigt sich, dass auch AntifeministInnEn aus der BRD an dem Kongress beteiligt sind. Aus der BRD sind Sven Marquardt (f\u00fcr <a href=\"http:\/\/www.manndat.de\/\">MANNdat e.V.<\/a>), Eckhard Kuhla (f\u00fcr <a href=\"http:\/\/agensev.de\/\">Agens e.V.<\/a>) und Michail Savvakus (<a href=\"http:\/\/www.maskulist.de\/\">maskulist.de<\/a>) vertreten. Von MANNdat gibt&#8217;s es Gru\u00dfworte, von Kuhla einen Vortrag zu &#8222;\ufeff<span style=\"line-height: 17px;\">Die Erfolge der Emanzipation der Frau \u2013 vom Feminismus karikiert (Die Geschlechterbalance braucht Beide: Frau UND Mann)&#8220; und von Savvakis eine Antwort auf die Frage &#8222;Warum Antifeminismus&#8220;.<br \/>Von schweizerischer Seite werden George Zimmermann (von der\u00a0Interessengemeinschaft geschiedener und getrennt lebender M\u00e4nner IGM <\/span><span style=\"line-height: 17px;\">mit\u00a0\ufeff&#8220;<\/span><span style=\"line-height: 17px;\">Gleichstellung ist tot &#8211; Richtigstellung tut Not&#8220;), Alfredo E. St\u00fcssi (<a href=\"http:\/\/www.m\u00e4nnerpartei.ch\/\">M\u00e4nnerpartei Schweiz<\/a> mit &#8222;Schweizer V\u00e4ter werden t\u00e4glich betrogen&#8220;) und Michael De Luigi (\ufeff\ufeff<a href=\"http:\/\/www.mannschafft.ch\/\">mannschaft<\/a> <\/span><span style=\"line-height: 17px;\">mit\ufeff &#8222;<\/span><span style=\"line-height: 17px;\">Biedermann und die Brandstifter: Weshalb wir in der Schweiz das m\u00e4nnerfeindlichste Familienrecht der Welt haben&#8220;) da sein. Was die Referenten angeht beschr\u00e4nkt sich die Internationalit\u00e4t also auf die BRD und die Schweiz. Soweit ich gelesen habe sollen alle Vortr\u00e4ge auch dokumentiert werden, damit sie ver\u00f6ffentlicht werden k\u00f6nnen. Ich bleibe gespannt.<\/span><\/span><\/p>\n<h3><span style=\"line-height: 17px; font-family: Helvetica;\">Medienecho<\/span><\/h3>\n<p><span style=\"line-height: 17px; font-family: Helvetica;\">Mittlerweile ist der Antifeministen-Treff auch in den schweizerischen Medien angekommen. So ist bei <a href=\"http:\/\/www.20min.ch\/\">20minuten Online<\/a> <a href=\"http:\/\/www.20min.ch\/news\/zuerich\/story\/Das-Ende-der-Feminismus--ra-13699569\">&#8222;Antifeministen blasen zum Angriff&#8220;<\/a> erschienen. Dort wird Rosmarie Zapfl (Pr\u00e4sidentin der Frauenorganisation <a href=\"http:\/\/www.alliancef.ch\/\">Alliance F<\/a>) wie folgt zitiert: &#8222;\ufeff\ufeffEs gibt inzwischen so viele starke selbstbewusste Frauen. Dies sch\u00fcchtert viele M\u00e4nner ein und verleitet sie zu solchen Gegenaktionen.&#8220; Was den Punkt der Angst angeht w\u00fcrde ich zustimmen. Nur glaube ich nicht, dass es sich um eine Angst vor starken Frauen handelt. Ich halte es f\u00fcr Wahrscheinlicher, dass ein individueller Bedeutungsverlust und die Aufl\u00f6sung derjenigen Geschlechterrollen, die f\u00fcr diese M\u00e4nner momentan Anerkennung und Ressourcen sichern, bef\u00fcrchtet wird. Nicht umsonst wird immer wieder auch kritisiert, dass die M\u00e4nner endliche wieder f\u00fcr ihre Leistungen anerkannt werden sollen.<\/span><\/p>\n<p><span style=\"line-height: 17px; font-family: Helvetica;\">Au\u00dferdem gab es im schweizerischen Tagesanzeiger ein Interview mit der Psychologin <a href=\"http:\/\/de.wikipedia.org\/wiki\/Julia_Onken\">Julia Onken<\/a>. Sie spricht dabei noch mal das zentrale Problem mit AntifeministInnEn an, dass es ihnen n\u00e4mlich nicht um die L\u00f6sung der Probleme geht, die sie ansprechen, sondern, dass alle Probleme auf &#8222;den Feminismus&#8220; abgeschoben werden. Die Verdammung von Feminismus macht dann aber blind f\u00fcr die Ursachen von Problemen. Au\u00dferdem ist es ja auch total bequem ein Feindbild zu haben, was einfach f\u00fcr alles verantwortlich ist.<br \/><\/span><\/p>\n<h3><span style=\"line-height: 17px; font-family: Helvetica;\">Rechtliche Schritte angedroht<\/span><\/h3>\n<p><span style=\"line-height: 17px; font-family: Helvetica;\"><span style=\"font-weight: normal;\">Eine Schadensersatzklage wird nun dem Wirt des &#8222;<a href=\"http:\/\/www.diewaid.ch\/\">Die Waid<\/a>&#8220; angedroht, denn dieser hat die Reservierung storniert. Und zwar, kaum vorstellbar, ohne jede Begr\u00fcndung. Deswegen wird jetzt eine schriftliche Begr\u00fcndung gefordert. Es darf wild geraten werden wer Schuld an der Stornierung sein soll. Ich halte es f\u00fcr kein allzu schlechtes Zeichen, dass es GastronomInnEn gibt die keinen Bedarf sehen ihre R\u00e4umlichkeiten f\u00fcr AntifeministInnEn zur Verf\u00fcgung zu stellen. Obwohl es auch gut sein kann, dass der Wirt generell politische Veranstaltungen bei sich ablehnt. Er schien aber laut eines Radioberichts aber \u00fcberrascht zu sein, dass es bei der Veranstaltung um AntifeministInnEn gehen soll.<\/span><\/span><\/p>\n<p><span style=\"line-height: 17px; font-family: Helvetica;\"><span style=\"font-weight: normal;\">Es bleibt also spannend.<\/span><\/span><\/p>\n<div class=\"twoclick_social_bookmarks_post_107 social_share_privacy clearfix 1.6.4 locale-de_DE sprite-de_DE\"><\/div><div class=\"twoclick-js\"><script type=\"text\/javascript\">\/* <![CDATA[ *\/\njQuery(document).ready(function($){if($('.twoclick_social_bookmarks_post_107')){$('.twoclick_social_bookmarks_post_107').socialSharePrivacy({\"services\":{\"facebook\":{\"status\":\"on\",\"txt_info\":\"2 Klicks f\\u00fcr mehr Datenschutz: Erst wenn Sie hier klicken, wird der Button aktiv und Sie k\\u00f6nnen Ihre Empfehlung an Facebook senden. Schon beim Aktivieren werden Daten an Dritte \\u00fcbertragen - siehe <em>i<\\\/em>.\",\"perma_option\":\"off\",\"action\":\"recommend\",\"language\":\"de_DE\"},\"twitter\":{\"reply_to\":\"\",\"tweet_text\":\"Neues%20vom%20Antifeministentreffen%20%C2%BB%20gendalus\",\"status\":\"on\",\"txt_info\":\"2 Klicks f\\u00fcr mehr Datenschutz: Erst wenn Sie hier klicken, wird der Button aktiv und Sie k\\u00f6nnen Ihre Empfehlung an Twitter senden. Schon beim Aktivieren werden Daten an Dritte \\u00fcbertragen - siehe <em>i<\\\/em>.\",\"perma_option\":\"off\",\"language\":\"de\",\"referrer_track\":\"\"},\"gplus\":{\"status\":\"on\",\"txt_info\":\"2 Klicks f\\u00fcr mehr Datenschutz: Erst wenn Sie hier klicken, wird der Button aktiv und Sie k\\u00f6nnen Ihre Empfehlung an Google+ senden. Schon beim Aktivieren werden Daten an Dritte \\u00fcbertragen - siehe <em>i<\\\/em>.\",\"perma_option\":\"off\",\"referrer_track\":\"\"}},\"txt_help\":\"Wenn Sie diese Felder durch einen Klick aktivieren, werden Informationen an Facebook, Twitter, Flattr, Xing, t3n, LinkedIn, Pinterest oder Google eventuell ins Ausland \\u00fcbertragen und unter Umst\\u00e4nden auch dort gespeichert. N\\u00e4heres erfahren Sie durch einen Klick auf das <em>i<\\\/em>.\",\"settings_perma\":\"Dauerhaft aktivieren und Daten\\u00fcber-tragung zustimmen:\",\"info_link\":\"http:\\\/\\\/www.heise.de\\\/ct\\\/artikel\\\/2-Klicks-fuer-mehr-Datenschutz-1333879.html\",\"uri\":\"https:\\\/\\\/www.gendalus.de\\\/?p=107\",\"post_id\":107,\"post_title_referrer_track\":\"Neues+vom+Antifeministentreffen\",\"display_infobox\":\"on\"});}});\n\/* ]]> *\/<\/script><\/div>","protected":false},"excerpt":{"rendered":"<div class=\"entry-summary\">\nIch sa\u00df gestern im Apple Store, wartete auf meinen Genius-Bar Termin und hatte Zeit zum Surfen und schaute mal, was&hellip;\n<\/div>\n<div class=\"link-more\"><a href=\"https:\/\/www.gendalus.de\/?p=107\" class=\"more-link\">Continue reading<span class=\"screen-reader-text\"> &ldquo;Neues vom Antifeministentreffen&rdquo;<\/span>&hellip;<\/a><\/div>\n","protected":false},"author":2,"featured_media":0,"comment_status":"open","ping_status":"open","sticky":false,"template":"","format":"standard","meta":{"footnotes":""},"categories":[1,70],"tags":[],"class_list":["post-107","post","type-post","status-publish","format-standard","hentry","category-allgemein","category-antifeministen","entry"],"acf":[],"_links":{"self":[{"href":"https:\/\/www.gendalus.de\/index.php?rest_route=\/wp\/v2\/posts\/107"}],"collection":[{"href":"https:\/\/www.gendalus.de\/index.php?rest_route=\/wp\/v2\/posts"}],"about":[{"href":"https:\/\/www.gendalus.de\/index.php?rest_route=\/wp\/v2\/types\/post"}],"author":[{"embeddable":true,"href":"https:\/\/www.gendalus.de\/index.php?rest_route=\/wp\/v2\/users\/2"}],"replies":[{"embeddable":true,"href":"https:\/\/www.gendalus.de\/index.php?rest_route=%2Fwp%2Fv2%2Fcomments&post=107"}],"version-history":[{"count":1,"href":"https:\/\/www.gendalus.de\/index.php?rest_route=\/wp\/v2\/posts\/107\/revisions"}],"predecessor-version":[{"id":108,"href":"https:\/\/www.gendalus.de\/index.php?rest_route=\/wp\/v2\/posts\/107\/revisions\/108"}],"wp:attachment":[{"href":"https:\/\/www.gendalus.de\/index.php?rest_route=%2Fwp%2Fv2%2Fmedia&parent=107"}],"wp:term":[{"taxonomy":"category","embeddable":true,"href":"https:\/\/www.gendalus.de\/index.php?rest_route=%2Fwp%2Fv2%2Fcategories&post=107"},{"taxonomy":"post_tag","embeddable":true,"href":"https:\/\/www.gendalus.de\/index.php?rest_route=%2Fwp%2Fv2%2Ftags&post=107"}],"curies":[{"name":"wp","href":"https:\/\/api.w.org\/{rel}","templated":true}]}}