{"id":14,"date":"2010-01-26T17:52:33","date_gmt":"2010-01-26T15:52:33","guid":{"rendered":"http:\/\/gendalus.wordpress.com\/?p=14"},"modified":"2010-01-26T17:52:33","modified_gmt":"2010-01-26T15:52:33","slug":"festival-und-symbole","status":"publish","type":"post","link":"https:\/\/www.gendalus.de\/?p=14","title":{"rendered":"Festival und Symbole"},"content":{"rendered":"<p>Am Pfingstwochenende findet j\u00e4hrlich in <a href=\"http:\/\/de.wikipedia.org\/wiki\/Leipzig\" target=\"blank\">Leipzig<\/a> eines der gr\u00f6\u00dften Festivals f\u00fcr die Gothic-Szene statt, das WGT aka <a href=\"http:\/\/de.wikipedia.org\/wiki\/Wave-Gotik-Treffen\" target=\"blank\">Wave-Gotik-Treffen<\/a>. Um es vorweg zusagen, auch wenn ich es die Jahre immer wieder vor hatte, habe ich es bis heute nicht geschafft selbst mal auf dem WGT zugegen zu sein. Was bisher eher ein rein terminliches oder ged\u00e4chtnistechnisches Problem war entwickelt sich f\u00fcr mich mittlerweile zu einem politischen Problem.<\/p>\n<p>Um Zugang zum Zeltplatz zu bekommen musste im letzten Jahr eine so genannte <a href=\"http:\/\/images.google.com\/images?q=obsorgerkarte\" target=\"blank\">Obsorgerkarte<\/a> erworben werden. Wie bei der schnellen Google-Bildersuche zu sehen, ist auf dem Ticket ein Auge abgebildet, welches im Irisbereich eine <a href=\"http:\/\/de.wikipedia.org\/wiki\/Schwarze_Sonne\" target=\"blank\">Schwarze Sonne<\/a> durchscheinen l\u00e4sst. Und es ist eben diese Schwarze Sonne, die eine breite Diskussion innerhalb unterschiedlicher Foren ausl\u00f6ste. Wie ernst die Sache innerhalb der Szene genommen wurde zeigt, dass sich unter anderem die Band <a href=\"http:\/\/de.wikipedia.org\/wiki\/ASP_(Band) target=\">ASP<\/a> in einem <a href=\"http:\/\/www.thetalesofasp.com\/de\/wgtstatement.html?PHPSESSID=08e90f8ab389fb14c484c7b344643297\" target=\"blank\">offenen Brief<\/a> an die VeranstalterInnen des WGT gewandt haben. Auch Fetisch:Mensch &#8211; ein Projekt von u.a. <a href=\"http:\/\/de.wikipedia.org\/wiki\/Oswald_Henke\" target=\"blank\">Oswald Henke<\/a> &#8211; haben sich hinter die Forderungen von ASP gestellt (nachzulesen im Myspace-Blog der Band).<\/p>\n<p>Worum es eigentlich geht ist relativ kurz erkl\u00e4rt.<br \/>\n&#8222;Die Schwarze Sonne ist ein Symbol aus zw\u00f6lf in Ringform gefassten gespiegelten Siegrunen. Vorlage f\u00fcr das Symbol ist ein \u00e4hnliches Bodenornament in Gestalt eines Sonnenrades, das in der Zeit des Nationalsozialismus von der SS im Nordturm der Wewelsburg eingelassen wurde. Die Schwarze Sonne ist heutzutage ein wichtiges Ersatz- und Erkennungssymbol der rechtsesoterischen bis rechtsextremen Szene.&#8220; (Zitat aus der &#8222;<a href=\"http:\/\/wikipedia.de\" target=\"blank\">Wikipedia<\/a>&#8222;)<br \/>\nEs handelt sich also nicht nur um eine beliebige Rune, die im Rahmen des neonationalistischen Framings von den neonazistischen Kreisen mit einer neuen Bedeutung gef\u00fcllt werden soll, sondern um ein Symbol, welches im dritten Reich eine zentrale Bedeutung hatte &#8211; und wie <a href=\"http:\/\/www.orkus.de\/forum\/viewtopic.php?t=5022\" target=\"blank\">hier<\/a> zu sehen ist auch noch zu spielen scheint.<br \/>\nNun h\u00e4tte ich vermutet, dass den Verantwortlichen des WGT einfach ein Fehler unterlaufen w\u00e4re, weile sie sich nicht um m\u00f6gliche Bedeutungen gek\u00fcmmert haben. Wie aber dem Antwortschreiben auf den offenen Brief von ASP zu entnehmen ist, waren (fraglich ist in wie weit die Antwortenden f\u00fcr die VeranstalterInnen sprechen oder nur f\u00fcr sich als Privatpersonen) die VeranstalterInnen bem\u00fcht das Symbol in einen bestimmten historischen Zusammenhang mit der <a href=\"http:\/\/de.wikipedia.org\/wiki\/Varusschlacht\" target=\"blank\">Herrmansschlacht<\/a> zu stellen, welche sind in diesem Jahr immerhin zum 2.000sten Mal j\u00e4hrte. Ziemlich treffend finde ich hierbei den Teil der Antwort von ASP auf das Schreiben:<\/p>\n<blockquote><p>Unsere Frage, warum das &#8211; unserer Meinung nach hochpolitisch belastete &#8211; Symbol der &#8222;Schwarzen Sonne&#8220; benutzt wurde, wurde leider nicht beantwortet. Es existiert keine historische Verbindung zwischen der erw\u00e4hnten &#8222;Herrmannsschlacht&#8220; und dem Symbol. Im Gegenteil: bedauernswerterweise ist nur darin eine Verbindung erkennbar, dass beide Themen in neofaschistischen Gruppierungen einen hohen Stellenwert einnehmen.<\/p><\/blockquote>\n<p>Die VeranstalterInnen haben sich also durchaus mit einer m\u00f6glichen Bedeutung der Symbolik auseinandergesetzt und kamen dabei entweder unabsichtlich auf eine Art der Interpretation, die nicht auf sehr viel Gegenliebe st\u00f6\u00dft oder sie haben mit Absicht eine uneindeutige Symbolik verwandt, um zu provozieren und Aufmerksamkeit zu erregen. Ich werde mir an dieser Stelle keine Spekulation \u00fcber den &#8222;wahren&#8220; Grund erlauben. F\u00fcr mich bleibt \u00fcbrig, dass das WGT, aus welchen Gr\u00fcnden auch immer, Symbolik benutzte, die unter anderem neonazistischen Kreisen als  Erkennungszeichen dient und damit zumindest mittelbar den Eindruck erweckt, dass Symbolik mit neonazistischem Hintergrund zum Symbol Repoitoir der Szene geh\u00f6rt. Durch die unkritische oder absichtliche Benutzung eben solcher Symbole wird eine Art Normalit\u00e4t f\u00fcr diese Symbole geschaffen, die ich f\u00fcr mich nicht dulden werde. Und das kann eben dazu f\u00fchren, dass ich jegliche zuk\u00fcnftige Teilnahme an diesem Festival f\u00fcr mich ausschlie\u00dfe und andere auffordern werde es mir gleich zu tun, bis sich die VeranstalterInnen deutlich gegen neonazistische Verbindungen aussprechen, was f\u00fcr mich auch bedeutet, dass sich eindeutig von <a href=\"http:\/\/www.netz-gegen-nazis.de\/category\/lexikon\/verlag-und-agentur-werner-symanek\" target=\"blank\">vaws<\/a> distanziert wird.<br \/>\nDa ich bisher keine eindeutigen Stellungnahmen gefunden habe, die sich von VAWS und der (bisherigen und weiteren) Verwendung von Symbolen wie der Schwarzen Sonne distanzieren, habe ich mich entschlossen die VeranstalterInnen direkt anzuschreiben. Nat\u00fcrlich spricht nichts dagegen sich dieser Frage anzuschlie\u00dfen \ud83d\ude09<\/p>\n<blockquote>\n<h3>Offene Anfrage an die Treffen &amp; Festspielgesellschaft f\u00fcr Mitteldeutschland mbH<\/h3>\n<p>Sehr geehrte VeranstalterInnen des WGT,<br \/>\nich \u00fcberlege zur Zeit ob ich in diesem Jahr endlich einmal das WGT besuchen werde. Um das Festival aber besuchen zu k\u00f6nnen m\u00f6chte ich sicher sein, dass es zwischen den VeranstalterInnen des WGT und neonazistischen Kreise keine Verbindungen jedweder Art gibt. Das betrifft f\u00fcr mich direkt zwei Punkte, zum einen die Zusammenarbeit mit &#8222;Verlag und Agentur Werner Symanek&#8220; (VAWS) und die Verwendung von Symbolen (wie der schwarzen Sonne) mit (eindeutiger) Bedeutung f\u00fcr den Nationalsozialismus und neonazistische Kreise heute, auf Ver\u00f6ffentlichungen des WGT.<br \/>\nWird es auch in diesem Jahr eine Zusammenarbeit, also einen Marktstand von VAWS geben, wenn nein distanzieren Sie sich von VAWS?<br \/>\nGibt es von Ihnen eine deutliche und eideutige Stellungnahme zur Verwendung der Schwarzen Sonne im vergangenen Jahr, die sich von der bisherigen und weiteren Verwendung nationalsozialistisch oder neonazistisch vorbelasteter Symbolik distanziert??<br \/>\nIch w\u00fcrde mich sehr freuen, wenn Sie mir die beiden Fragen beantworten w\u00fcrden.<\/p>\n<p>Mit freundlichen Gr\u00fc\u00dfen<br \/>\ngendalus<\/p><\/blockquote>\n<p>Sobald ich eine Antwort erhalten habe werde ich berichten, wie sich die Sache f\u00fcr die VeranstalterInnen des WGT darstellt.<\/p>\n<div class=\"twoclick_social_bookmarks_post_14 social_share_privacy clearfix 1.6.4 locale-de_DE sprite-de_DE\"><\/div><div class=\"twoclick-js\"><script type=\"text\/javascript\">\/* <![CDATA[ *\/\njQuery(document).ready(function($){if($('.twoclick_social_bookmarks_post_14')){$('.twoclick_social_bookmarks_post_14').socialSharePrivacy({\"services\":{\"facebook\":{\"status\":\"on\",\"txt_info\":\"2 Klicks f\\u00fcr mehr Datenschutz: Erst wenn Sie hier klicken, wird der Button aktiv und Sie k\\u00f6nnen Ihre Empfehlung an Facebook senden. Schon beim Aktivieren werden Daten an Dritte \\u00fcbertragen - siehe <em>i<\\\/em>.\",\"perma_option\":\"off\",\"action\":\"recommend\",\"language\":\"de_DE\"},\"twitter\":{\"reply_to\":\"\",\"tweet_text\":\"%20Festival%20und%20Symbole%20%C2%BB%20gendalus%20%23ASP%20%23Fetisch%3AMensch%20%23Oswald%20Henke%20...\",\"status\":\"on\",\"txt_info\":\"2 Klicks f\\u00fcr mehr Datenschutz: Erst wenn Sie hier klicken, wird der Button aktiv und Sie k\\u00f6nnen Ihre Empfehlung an Twitter senden. Schon beim Aktivieren werden Daten an Dritte \\u00fcbertragen - siehe <em>i<\\\/em>.\",\"perma_option\":\"off\",\"language\":\"de\",\"referrer_track\":\"\"},\"gplus\":{\"status\":\"on\",\"txt_info\":\"2 Klicks f\\u00fcr mehr Datenschutz: Erst wenn Sie hier klicken, wird der Button aktiv und Sie k\\u00f6nnen Ihre Empfehlung an Google+ senden. Schon beim Aktivieren werden Daten an Dritte \\u00fcbertragen - siehe <em>i<\\\/em>.\",\"perma_option\":\"off\",\"referrer_track\":\"\"}},\"txt_help\":\"Wenn Sie diese Felder durch einen Klick aktivieren, werden Informationen an Facebook, Twitter, Flattr, Xing, t3n, LinkedIn, Pinterest oder Google eventuell ins Ausland \\u00fcbertragen und unter Umst\\u00e4nden auch dort gespeichert. N\\u00e4heres erfahren Sie durch einen Klick auf das <em>i<\\\/em>.\",\"settings_perma\":\"Dauerhaft aktivieren und Daten\\u00fcber-tragung zustimmen:\",\"info_link\":\"http:\\\/\\\/www.heise.de\\\/ct\\\/artikel\\\/2-Klicks-fuer-mehr-Datenschutz-1333879.html\",\"uri\":\"https:\\\/\\\/www.gendalus.de\\\/?p=14\",\"post_id\":14,\"post_title_referrer_track\":\"Festival+und+Symbole\",\"display_infobox\":\"on\"});}});\n\/* ]]> *\/<\/script><\/div>","protected":false},"excerpt":{"rendered":"<div class=\"entry-summary\">\nAm Pfingstwochenende findet j\u00e4hrlich in Leipzig eines der gr\u00f6\u00dften Festivals f\u00fcr die Gothic-Szene statt, das WGT aka Wave-Gotik-Treffen. Um es&hellip;\n<\/div>\n<div class=\"link-more\"><a href=\"https:\/\/www.gendalus.de\/?p=14\" class=\"more-link\">Continue reading<span class=\"screen-reader-text\"> &ldquo;Festival und Symbole&rdquo;<\/span>&hellip;<\/a><\/div>\n","protected":false},"author":2,"featured_media":0,"comment_status":"open","ping_status":"open","sticky":false,"template":"","format":"standard","meta":{"footnotes":""},"categories":[3],"tags":[9,16,33,38,41,44],"class_list":["post-14","post","type-post","status-publish","format-standard","hentry","category-direkt-aus-der-szene","tag-asp","tag-fetischmensch","tag-oswald-henke","tag-schwarze-sonne","tag-symbole","tag-wgt","entry"],"acf":[],"_links":{"self":[{"href":"https:\/\/www.gendalus.de\/index.php?rest_route=\/wp\/v2\/posts\/14"}],"collection":[{"href":"https:\/\/www.gendalus.de\/index.php?rest_route=\/wp\/v2\/posts"}],"about":[{"href":"https:\/\/www.gendalus.de\/index.php?rest_route=\/wp\/v2\/types\/post"}],"author":[{"embeddable":true,"href":"https:\/\/www.gendalus.de\/index.php?rest_route=\/wp\/v2\/users\/2"}],"replies":[{"embeddable":true,"href":"https:\/\/www.gendalus.de\/index.php?rest_route=%2Fwp%2Fv2%2Fcomments&post=14"}],"version-history":[{"count":0,"href":"https:\/\/www.gendalus.de\/index.php?rest_route=\/wp\/v2\/posts\/14\/revisions"}],"wp:attachment":[{"href":"https:\/\/www.gendalus.de\/index.php?rest_route=%2Fwp%2Fv2%2Fmedia&parent=14"}],"wp:term":[{"taxonomy":"category","embeddable":true,"href":"https:\/\/www.gendalus.de\/index.php?rest_route=%2Fwp%2Fv2%2Fcategories&post=14"},{"taxonomy":"post_tag","embeddable":true,"href":"https:\/\/www.gendalus.de\/index.php?rest_route=%2Fwp%2Fv2%2Ftags&post=14"}],"curies":[{"name":"wp","href":"https:\/\/api.w.org\/{rel}","templated":true}]}}