{"id":91,"date":"2010-08-15T17:33:16","date_gmt":"2010-08-15T15:33:16","guid":{"rendered":"http:\/\/www.gendalus.de\/?p=91"},"modified":"2010-11-29T18:48:33","modified_gmt":"2010-11-29T17:48:33","slug":"mera-luna-2010-gros-aber-gut","status":"publish","type":"post","link":"https:\/\/www.gendalus.de\/?p=91","title":{"rendered":"M&#8217;era Luna 2010 &#8211; gro\u00df aber gut"},"content":{"rendered":"<p>Einen Tag (oder mittlerweile doch mehr Zeit) habe ich mir Auszeit genommen und die Camping-Sachen halbwegs wieder wegger\u00e4umt, nach dem M&#8217;era Luna 2010. Ein Bisschen was zum Festival will ich aber doch schreiben, weil mir viele, unterschiedliche Gedanken dazu durch den Kopf gehen. Ich glaube ich sortiere es chronologisch.<\/p>\n<p>Eigentlich ist mir das M&#8217;era zu gro\u00df und ich hatte auch immer gesagt, dass ich nicht hin will, wegen zu vielen Menschen, aber geschenkten Karten schaue ich nicht ins Maul. Mit gesch\u00e4tzten 24.000 Menschen ist es im Vergleich zum Black Field Festival, bei dem ich letztes Jahr zugegen war, ca. 10 Mal so gro\u00df. Dementsprechend gestaltete sich auch die Situation auf dem Camping-Platz. Durch Erwerbst\u00e4tigkeit und Stau konnten wir erst 20 Uhr am Freitag da sein, viel zu sp\u00e4t wie ein Freund mir vorher sagte und sich dann auch zeigte. Vor allem wenn f\u00fcnf Zelte und ein Pavillon einen Platz suchen. Ziemlich unm\u00f6glich fand ich dabei die recht aggressive Art auf dem Platz die eigenen Pl\u00e4tze zu verteidigen und andere Leute recht fern zu halten. Ich kann es gut verstehen, dass es bl\u00f6d ist, wenn es f\u00fcr alle zu eng ist, aber es ist eben f\u00fcr alle zu eng und nicht nur f\u00fcr das Selbst. Es fanden sich dann aber nach der \u00d6ffnung einiger Fluchtwege dann aber doch Pl\u00e4tze.<\/p>\n<h3>Musikalisches<\/h3>\n<p>Der Samstag war super, obwohl er damit begann, dass Qntal ihren Auftritt absagen mussten. F\u00fcr meinen Geschmack waren an diesem Tag vor allem Samsas Traum, Nitzer Ebb und die Sisters of Mercy die Highlights. Auch wenn die Sisters im guten 80&#8217;er-Jahre Stil die komplette B\u00fchne in Nebel geh\u00fcllt hatten und die Band selten komplett zu sehen war. Beachtlich fand ich, dass der Altersschnitt um mich herum pl\u00f6tzlich um 20 Jahre anstieg als Unheilig ging und die Sisters kamen. Zu Unheilig kann ich nur sagen: Absoluter Personenkult um den Grafen, fast nur Zeug von der poppigen neuen Platte gespielt und nicht mal die Bandmitglieder vorgestellt. Shame on you!!<\/p>\n<p>Am Sonntag waren die Highlights The Other und The 69 Eyes, beide Bands wohl gerade von Wacken angereist. Combichrist konnte ich kaum sehen nur h\u00f6ren, weil der Hangar voll war, aber wie schon beim Konzert in <span class=\"caps\">FFM <\/span>haben sie (wohl) eine super Show abgeliefert. Leider verpasst habe ich Agonoize und Feindflug, die ich mir beide zumindest gern angeschaut h\u00e4tte, was sie so f\u00fcr eine Show abliefern. Aber alles geht eben nicht.<\/p>\n<p>Insgesamt w\u00fcrde ich sagen, dass die Musikzusammenstellung ziemlich gut war, weil sie recht breit war und damit viele Leute was geboten bekommen haben. Newcomer-F\u00f6rderung inklusive.<\/p>\n<h3>Das Drumherum<\/h3>\n<p>Auch das drumherum war ziemlich nett. Der Umgang der Leute miteinander wurde besser als die Sache mit dem Camping gekl\u00e4rt war. Ziemlich viele nette Leute, h\u00f6flicher Umgang und so weiter. Mag ich. Duschen waren ok, Schlangen zum Fr\u00fchst\u00fcck und zu den Duschen und Toiletten zeitweise lang, aber das l\u00e4sst sich sicher schlecht vermeiden. Das essen war meist zwar eher passabel, als wirklich gut. Bei den meisten Gelegenheiten war auch was f\u00fcr fleischfrei-Essende was dabei und zwar nicht nur irgendwie als nette Beigabe. Auch nett.<\/p>\n<p>Interessant fand ich den Umstand, dass es nicht mal eine halbe Stunde dauerte, dass wir die ersten Leute aus der Szene rund um Marburg\/Gie\u00dfen gefunden hatten. Der Eindruck, dass es sich doch eher um ein Dorf als um eine internationale Massenveranstaltung handelt kam dann recht schnell. Das machte auch die 30.000 nicht mehr so abschreckend. Die Kehrseite: Leute die mir auf andern Konzerten durch massive R\u00fccksichtslosigkeit (im Moshpit) aufgefallen sind waren auch schnell gefunden.<\/p>\n<p>Und dann waren da auch die vertrauten, immer gleichen Sachen, die mir auf die Nerven gehen. Die schwarze Sonne war zum Beispiel auch vertreten, auch wenn ich nur eine Person mit einem solchen T-Shirt gesehen habe. Daf\u00fcr eine andere Person mit dem T-Shirt-Spruch &#8222;Todesstrafe f\u00fcr Kindersch\u00e4nder&#8220;. Da war es ein ziemlicher Zufall, dass ich bei <a href=\"http:\/\/npd-blog.info\/2010\/08\/10\/menschenjagd-100\/\"><span class=\"caps\">NPD<\/span>-BLOG.info<\/a> einen Artikel gelesen habe, dass die <span class=\"caps\">NPD <\/span>neuerdings noch st\u00e4rker versucht \u00fcber die Angst vor Sexualstraft\u00e4tern Menschen anzuziehen. Dass es in der Gothic-Szene daf\u00fcr Ankn\u00fcpfungspotenzial gibt ist zwar schon l\u00e4nger bekannt, aber selten zeigt es sich so deutlich.<\/p>\n<p>Sch\u00f6n an der Szene finde ich die M\u00f6glichkeiten zur Differenz, durch die unterschiedlichen Subkulturen innerhalb der Szene, die nicht trennscharf sind, sich \u00fcberlappen und Stil-Mixe erm\u00f6glichen, die Festivals auch modisch immer wieder interessant machen. [Einzige Sache die sich auch weiter meinem Verst\u00e4ndnis entzieht ist die Military-Subkultur, bei der ich noch immer den Eindruck habe, dass da die SS maschiert] Auch bei der geschlechtlichen Zuordnung gibt es Spielr\u00e4ume &#8211; die nur recht wenig genutzt werden. Aber immer mal wieder gab es Crossdressing, Outfits die geschlechtliche Zuordnung schwierig machten oder auch einfach nur unterschiedliche Kombinationen beim F\u00fchren an der Kette.<\/p>\n<h3>Im Nachhinein<\/h3>\n<p>&#8230; k\u00f6nnte ich mich schon wieder bunt \u00e4rgern. Im Forum zum M&#8217;era gibt es dann eine <a href=\"http:\/\/forum.meraluna.de\/viewtopic.php?t=5204\">Diskussion<\/a> um die Frage in wieweit Uniformen in Ordnung gehen. Ich pers\u00f6nlich finde es nicht in Ordnung Uniformen auf Festivals zu tragen, weil es in jedem Fall eine Affinit\u00e4t zum Milit\u00e4rischen ausdr\u00fcckt. Ich w\u00fcrde so etwas niemals anziehen. Ich mache nun aber die Leute nicht bl\u00f6d an, die das nun aber trotzdem tun. Wie es scheint gibt es verschiedene Gr\u00fcnde solche Uniformen zu tragen. Die Spannweite scheint von &#8222;Ich finde einfach die \u00c4sthetik toll&#8220; &#8211; ich muss noch mal raussuchen wo ich gelesen habe, dass &#8222;Die Nazis hatten einfach einen tollen Sinn f\u00fcr Uniform\u00e4sthetik&#8220; das neue &#8222;Die Nazis haben doch die Autobahnen gebaut&#8220; ist &#8211; bis zu einfacher Provokation zu gehen. Alles keine Gr\u00fcnde f\u00fcr mich pers\u00f6nlich. Eine Uniform fand ich aber gut gemacht, weil sie den Zeichnungen auf dem <a href=\"http:\/\/www.madgoth.de\/wp-content\/uploads\/2010\/02\/kmfdm_krieg.jpg\">Cover<\/a> der KMFDM Platte &#8222;Krieg&#8220; (<a href=\"http:\/\/www.madgoth.de\/3815\/reviews\/kmfdm-krieg\">Link<\/a> zu einer Rezension beim mad-goth-magzin) nachempfunden war und der Bezug deutlich sichtbar war. Zwar noch immer milit\u00e4risch, aber ok.<\/p>\n<p>Was ich nicht in Ordnung finde &#8211; und auch absolut nicht witzig &#8211; sind Leute die sich total witzig finden, wenn sie als <a href=\"http:\/\/img823.imageshack.us\/i\/merahitler.png\/\">Hitler<\/a> auftreten. Zwar gibt es immer wieder Leute die es \u00fcberaus witzig finden sich so zu verkleiden und dann auch noch ein Publikum finden, was auf diesen &#8222;Humor&#8220; unterster Kaj\u00fcte abf\u00e4hrt, ich jedenfalls kann dem nichts abgewinnen. Und die &#8222;Argumentation&#8220;, dass solche Leute wie Hitler nur Witzfiguren w\u00e4ren finde ich gelinde gesagt abscheulich und geschichtsvergessen. Grauenhaft. Dass dann die Diskussion schnell dahin abdriftet, dass Cybers doch bitte zum Rosenmontagszug oder zu CSD gehen sollen weil sie nicht zu den Goths geh\u00f6ren (weil sie wie die Military-Typen l\u00e4cherlich w\u00e4ren), wundert mich dann \u00fcberhaupt nicht.<\/p>\n<p>Mein Fazit zum Festival: Tolles Festival, aber zum Gl\u00fcck musste ich nicht alles sehen.<\/p>\n<div class=\"twoclick_social_bookmarks_post_91 social_share_privacy clearfix 1.6.4 locale-de_DE sprite-de_DE\"><\/div><div class=\"twoclick-js\"><script type=\"text\/javascript\">\/* <![CDATA[ *\/\njQuery(document).ready(function($){if($('.twoclick_social_bookmarks_post_91')){$('.twoclick_social_bookmarks_post_91').socialSharePrivacy({\"services\":{\"facebook\":{\"status\":\"on\",\"txt_info\":\"2 Klicks f\\u00fcr mehr Datenschutz: Erst wenn Sie hier klicken, wird der Button aktiv und Sie k\\u00f6nnen Ihre Empfehlung an Facebook senden. Schon beim Aktivieren werden Daten an Dritte \\u00fcbertragen - siehe <em>i<\\\/em>.\",\"perma_option\":\"off\",\"action\":\"recommend\",\"language\":\"de_DE\"},\"twitter\":{\"reply_to\":\"\",\"tweet_text\":\"%20M%E2%80%99era%20Luna%202010%20%E2%80%93%20gro%C3%9F%20aber%20gut%20%C2%BB%20gendalus%20%23bericht%20...\",\"status\":\"on\",\"txt_info\":\"2 Klicks f\\u00fcr mehr Datenschutz: Erst wenn Sie hier klicken, wird der Button aktiv und Sie k\\u00f6nnen Ihre Empfehlung an Twitter senden. Schon beim Aktivieren werden Daten an Dritte \\u00fcbertragen - siehe <em>i<\\\/em>.\",\"perma_option\":\"off\",\"language\":\"de\",\"referrer_track\":\"\"},\"gplus\":{\"status\":\"on\",\"txt_info\":\"2 Klicks f\\u00fcr mehr Datenschutz: Erst wenn Sie hier klicken, wird der Button aktiv und Sie k\\u00f6nnen Ihre Empfehlung an Google+ senden. Schon beim Aktivieren werden Daten an Dritte \\u00fcbertragen - siehe <em>i<\\\/em>.\",\"perma_option\":\"off\",\"referrer_track\":\"\"}},\"txt_help\":\"Wenn Sie diese Felder durch einen Klick aktivieren, werden Informationen an Facebook, Twitter, Flattr, Xing, t3n, LinkedIn, Pinterest oder Google eventuell ins Ausland \\u00fcbertragen und unter Umst\\u00e4nden auch dort gespeichert. N\\u00e4heres erfahren Sie durch einen Klick auf das <em>i<\\\/em>.\",\"settings_perma\":\"Dauerhaft aktivieren und Daten\\u00fcber-tragung zustimmen:\",\"info_link\":\"http:\\\/\\\/www.heise.de\\\/ct\\\/artikel\\\/2-Klicks-fuer-mehr-Datenschutz-1333879.html\",\"uri\":\"https:\\\/\\\/www.gendalus.de\\\/?p=91\",\"post_id\":91,\"post_title_referrer_track\":\"M%26%238217%3Bera+Luna+2010+%26%238211%3B+gro%C3%9F+aber+gut\",\"display_infobox\":\"on\"});}});\n\/* ]]> *\/<\/script><\/div>","protected":false},"excerpt":{"rendered":"<div class=\"entry-summary\">\nEinen Tag (oder mittlerweile doch mehr Zeit) habe ich mir Auszeit genommen und die Camping-Sachen halbwegs wieder wegger\u00e4umt, nach dem&hellip;\n<\/div>\n<div class=\"link-more\"><a href=\"https:\/\/www.gendalus.de\/?p=91\" class=\"more-link\">Continue reading<span class=\"screen-reader-text\"> &ldquo;M&#8217;era Luna 2010 &#8211; gro\u00df aber gut&rdquo;<\/span>&hellip;<\/a><\/div>\n","protected":false},"author":2,"featured_media":0,"comment_status":"open","ping_status":"open","sticky":false,"template":"","format":"standard","meta":{"footnotes":""},"categories":[1,3],"tags":[65,63,31],"class_list":["post-91","post","type-post","status-publish","format-standard","hentry","category-allgemein","category-direkt-aus-der-szene","tag-bericht","tag-festival","tag-musik","entry"],"acf":[],"_links":{"self":[{"href":"https:\/\/www.gendalus.de\/index.php?rest_route=\/wp\/v2\/posts\/91"}],"collection":[{"href":"https:\/\/www.gendalus.de\/index.php?rest_route=\/wp\/v2\/posts"}],"about":[{"href":"https:\/\/www.gendalus.de\/index.php?rest_route=\/wp\/v2\/types\/post"}],"author":[{"embeddable":true,"href":"https:\/\/www.gendalus.de\/index.php?rest_route=\/wp\/v2\/users\/2"}],"replies":[{"embeddable":true,"href":"https:\/\/www.gendalus.de\/index.php?rest_route=%2Fwp%2Fv2%2Fcomments&post=91"}],"version-history":[{"count":3,"href":"https:\/\/www.gendalus.de\/index.php?rest_route=\/wp\/v2\/posts\/91\/revisions"}],"predecessor-version":[{"id":122,"href":"https:\/\/www.gendalus.de\/index.php?rest_route=\/wp\/v2\/posts\/91\/revisions\/122"}],"wp:attachment":[{"href":"https:\/\/www.gendalus.de\/index.php?rest_route=%2Fwp%2Fv2%2Fmedia&parent=91"}],"wp:term":[{"taxonomy":"category","embeddable":true,"href":"https:\/\/www.gendalus.de\/index.php?rest_route=%2Fwp%2Fv2%2Fcategories&post=91"},{"taxonomy":"post_tag","embeddable":true,"href":"https:\/\/www.gendalus.de\/index.php?rest_route=%2Fwp%2Fv2%2Ftags&post=91"}],"curies":[{"name":"wp","href":"https:\/\/api.w.org\/{rel}","templated":true}]}}