{"id":98,"date":"2010-08-19T21:05:22","date_gmt":"2010-08-19T19:05:22","guid":{"rendered":"http:\/\/www.gendalus.de\/?p=98"},"modified":"2011-06-04T22:32:45","modified_gmt":"2011-06-04T20:32:45","slug":"antifeministinnen-wollen-sich-in-zurich-treffen","status":"publish","type":"post","link":"https:\/\/www.gendalus.de\/?p=98","title":{"rendered":"AntifeministInnEn wollen sich in Z\u00fcrich treffen"},"content":{"rendered":"<p><span>Ich recherchiere gerade zum Thema Antifeminismus und bin dabei in einem Archiv auf einen Termin in der Zukunft gesto\u00dfen. Nach kurzer Irritation habe ich mir den Spa\u00df mal angeschaut. Und ja, ein Spa\u00df ist es eigentlich nicht. Am 30.10.2010 soll in Z\u00fcrich das erste Internationale\u00a0\ufeffAntifeministen\u00a0Treffen stattfinden. Leider ist noch nicht sehr viel bekannt, au\u00dfer dass es von 10-16 Uhr gehen soll und 5 Woks das Essen liefern sollen.<\/span><\/p>\n<p><span>Interessant sind aber die Hintergr\u00fcnde zum Treffen. Als diejenigen, die die Webseite &#8222;lanciert&#8220; haben stehen Ren\u00e9 Kuhn und Urs Bleiker da. Zu Bleiker nur kurz, am 04.04.2009 ist er laut eines <a href=\"http:\/\/www.toggenburgertagblatt.ch\/lokales\/toggenburg\/tt-ne\/SVP-bleibt-kritische-Beobachterin;art236,1295108\">Zeitungsberichtes<\/a> Ortsparteipr\u00e4sident der nationalkonservativen <a href=\"http:\/\/de.wikipedia.org\/wiki\/Schweizerische_Volkspartei#Politische_Einordnung\">SVP<\/a> (Schweizerische Volkspartei). <a href=\"http:\/\/www.kuhn-rene.ch\/\">Ren\u00e9 Kuhn<\/a> wiederum ist nicht ganz so unbekannt und hat es als Parteipr\u00e4sident der SVP in Luzern geschafft die schweizerische mediale \u00d6ffentlichkeit auf sich zu ziehen. Und zwar nicht dadurch, dass er sich in seinem <a href=\"http:\/\/www.kuhn-rene.ch\/html\/blog.htm\">Blog<\/a> beschwert, dass die schweizerische Au\u00dfenministerin in &#8222;M\u00e4nnerschuhen&#8220; auf wichtigen Anl\u00e4ssen w\u00e4re. Er hat es geschafft in noch diffamierenderer Art und Weise alle Schweizerinnen beleidigt die er nicht f\u00fcr h\u00fcbsch h\u00e4lt:<\/span><\/p>\n<blockquote><p><span style=\"color: #505050; font-size: 13px; line-height: 24px;\">\u201eNach drei Wochen Aufenthalt in einer Gro\u00dfstadt in einem vom Kommunismus runtergewirtschafteten Land freut man sich wieder auf die Schweiz. Auf was man jedoch gut verzichten k\u00f6nnte, sind die linken und ungepflegten Frauen. Frauen, welche in Lumpen herumlaufen, keinen Schmuck tragen und keine Schminke gebrauchen, obwohl sie es dringend n\u00f6tig h\u00e4tten. Es ist auffallend, dass in den meisten L\u00e4ndern die Frauen zu sich schauen und sich demzufolge auch weiblich kleiden und bewegen (\u2026) Auch die \u00e4lteren Damen sind sich nicht zu schade, sollten die Haare grau werden, diese zu f\u00e4rben. Nicht so in der Schweiz, wo man sich tagt\u00e4glich diese Linken, ungepflegten, \u201everfilzten\u201c Weiber ansehen muss, welche \u00fcberhaupt keine Weiblichkeit ausstrahlen. Gruselkabinett! (\u2026) Die linken Schweizer Frauen k\u00f6nnten noch einiges lernen, aber diese Emanzen laufen lieber wie Vogelscheuchen umher.\u201c (Quelle: www.kuhn-rene.ch)<\/span><\/p><\/blockquote>\n<p><span style=\"color: #505050; font-size: 13px; line-height: 24px;\">(zitiert nach <a href=\"http:\/\/www.pankerknacker.com\/archiv\/kolumnen\/von-linken-ausgelumpten-frauen\/\">Pankerknacker.com<\/a>, im Volltext <a href=\"http:\/\/www.zisch.ch\/navigation\/top_main_nav\/nachrichten\/zentralschweiz\/luzern\/detail.htm?client_request_className=NewsItem&amp;client_request_contentOID=319918\">hier<\/a>)<\/span><\/p>\n<p><span style=\"font-size: small;\"><span style=\"font-size: 13px; line-height: 24px;\">Mittlerweile ist er wohl von allen politischen \u00c4mtern zur\u00fcckgetreten. Das kann sich als Veranstalter f\u00fcr einen Kongress von AntifeministInnEn doch sehen lassen.<\/span><\/span><\/p>\n<p><span style=\"font-size: small;\"><span style=\"font-size: 13px; line-height: 24px;\">Bisher sind noch keine Details bekannt, von wem Referate zu erwarten sind. Sicherlich werden aber aus der bundesdeutschen AntifeministInnEnriege auch einige dabei sein. Das ganze sollte also im Auge behalten werden. Und lokal wird es sicherlich auch Proteste geben.<\/span><\/span><\/p>\n<div class=\"twoclick_social_bookmarks_post_98 social_share_privacy clearfix 1.6.4 locale-de_DE sprite-de_DE\"><\/div><div class=\"twoclick-js\"><script type=\"text\/javascript\">\/* <![CDATA[ *\/\njQuery(document).ready(function($){if($('.twoclick_social_bookmarks_post_98')){$('.twoclick_social_bookmarks_post_98').socialSharePrivacy({\"services\":{\"facebook\":{\"status\":\"on\",\"txt_info\":\"2 Klicks f\\u00fcr mehr Datenschutz: Erst wenn Sie hier klicken, wird der Button aktiv und Sie k\\u00f6nnen Ihre Empfehlung an Facebook senden. Schon beim Aktivieren werden Daten an Dritte \\u00fcbertragen - siehe <em>i<\\\/em>.\",\"perma_option\":\"off\",\"action\":\"recommend\",\"language\":\"de_DE\"},\"twitter\":{\"reply_to\":\"\",\"tweet_text\":\"AntifeministInnEn%20wollen%20sich%20in%20Z%C3%BCrich%20treffen%20%C2%BB%20gendalus%20%23antifeminismus\",\"status\":\"on\",\"txt_info\":\"2 Klicks f\\u00fcr mehr Datenschutz: Erst wenn Sie hier klicken, wird der Button aktiv und Sie k\\u00f6nnen Ihre Empfehlung an Twitter senden. Schon beim Aktivieren werden Daten an Dritte \\u00fcbertragen - siehe <em>i<\\\/em>.\",\"perma_option\":\"off\",\"language\":\"de\",\"referrer_track\":\"\"},\"gplus\":{\"status\":\"on\",\"txt_info\":\"2 Klicks f\\u00fcr mehr Datenschutz: Erst wenn Sie hier klicken, wird der Button aktiv und Sie k\\u00f6nnen Ihre Empfehlung an Google+ senden. Schon beim Aktivieren werden Daten an Dritte \\u00fcbertragen - siehe <em>i<\\\/em>.\",\"perma_option\":\"off\",\"referrer_track\":\"\"}},\"txt_help\":\"Wenn Sie diese Felder durch einen Klick aktivieren, werden Informationen an Facebook, Twitter, Flattr, Xing, t3n, LinkedIn, Pinterest oder Google eventuell ins Ausland \\u00fcbertragen und unter Umst\\u00e4nden auch dort gespeichert. N\\u00e4heres erfahren Sie durch einen Klick auf das <em>i<\\\/em>.\",\"settings_perma\":\"Dauerhaft aktivieren und Daten\\u00fcber-tragung zustimmen:\",\"info_link\":\"http:\\\/\\\/www.heise.de\\\/ct\\\/artikel\\\/2-Klicks-fuer-mehr-Datenschutz-1333879.html\",\"uri\":\"https:\\\/\\\/www.gendalus.de\\\/?p=98\",\"post_id\":98,\"post_title_referrer_track\":\"AntifeministInnEn+wollen+sich+in+Z%C3%BCrich+treffen\",\"display_infobox\":\"on\"});}});\n\/* ]]> *\/<\/script><\/div>","protected":false},"excerpt":{"rendered":"<div class=\"entry-summary\">\nIch recherchiere gerade zum Thema Antifeminismus und bin dabei in einem Archiv auf einen Termin in der Zukunft gesto\u00dfen. Nach&hellip;\n<\/div>\n<div class=\"link-more\"><a href=\"https:\/\/www.gendalus.de\/?p=98\" class=\"more-link\">Continue reading<span class=\"screen-reader-text\"> &ldquo;AntifeministInnEn wollen sich in Z\u00fcrich treffen&rdquo;<\/span>&hellip;<\/a><\/div>\n","protected":false},"author":2,"featured_media":0,"comment_status":"closed","ping_status":"open","sticky":false,"template":"","format":"standard","meta":{"footnotes":""},"categories":[1],"tags":[8],"class_list":["post-98","post","type-post","status-publish","format-standard","hentry","category-allgemein","tag-antifeminismus","entry"],"acf":[],"_links":{"self":[{"href":"https:\/\/www.gendalus.de\/index.php?rest_route=\/wp\/v2\/posts\/98"}],"collection":[{"href":"https:\/\/www.gendalus.de\/index.php?rest_route=\/wp\/v2\/posts"}],"about":[{"href":"https:\/\/www.gendalus.de\/index.php?rest_route=\/wp\/v2\/types\/post"}],"author":[{"embeddable":true,"href":"https:\/\/www.gendalus.de\/index.php?rest_route=\/wp\/v2\/users\/2"}],"replies":[{"embeddable":true,"href":"https:\/\/www.gendalus.de\/index.php?rest_route=%2Fwp%2Fv2%2Fcomments&post=98"}],"version-history":[{"count":3,"href":"https:\/\/www.gendalus.de\/index.php?rest_route=\/wp\/v2\/posts\/98\/revisions"}],"predecessor-version":[{"id":159,"href":"https:\/\/www.gendalus.de\/index.php?rest_route=\/wp\/v2\/posts\/98\/revisions\/159"}],"wp:attachment":[{"href":"https:\/\/www.gendalus.de\/index.php?rest_route=%2Fwp%2Fv2%2Fmedia&parent=98"}],"wp:term":[{"taxonomy":"category","embeddable":true,"href":"https:\/\/www.gendalus.de\/index.php?rest_route=%2Fwp%2Fv2%2Fcategories&post=98"},{"taxonomy":"post_tag","embeddable":true,"href":"https:\/\/www.gendalus.de\/index.php?rest_route=%2Fwp%2Fv2%2Ftags&post=98"}],"curies":[{"name":"wp","href":"https:\/\/api.w.org\/{rel}","templated":true}]}}